{"id":21619,"date":"2020-09-18T20:20:48","date_gmt":"2020-09-18T18:20:48","guid":{"rendered":"http:\/\/worklights.de\/?p=21619"},"modified":"2020-09-18T20:32:58","modified_gmt":"2020-09-18T18:32:58","slug":"praedikat-besonders-wertvoll-fuer-die-allgemeinen-geschaeftsbedingungen","status":"publish","type":"post","link":"https:\/\/worklights.de\/en\/praedikat-besonders-wertvoll-fuer-die-allgemeinen-geschaeftsbedingungen\/","title":{"rendered":"Pr\u00e4dikat &#8220;Besonders Wertvoll&#8221; f\u00fcr &#8220;Die allgemeinen Gesch\u00e4ftsbedingungen&#8221;"},"content":{"rendered":"<p>Der Kurzfilm &#8220;Die allgemeinen Gesch\u00e4ftsbedingungen&#8221; von Amelie Befeldt wird mit dem <a href=\"https:\/\/www.fbw-filmbewertung.com\/film\/die_allgemeinen_geschaeftsbedingungen\">Pr\u00e4dikat &#8220;Besonders Wertvoll&#8221;<\/a> der Filmbewertungsstelle ausgezeichnet<\/p>\n<p><strong>Jury-Begr\u00fcndung<\/strong><\/p>\n<p>Pr\u00e4dikat besonders wertvoll<\/p>\n<p>Amelie Befeldt erz\u00e4hlt in ihrem Kurzfilm auf vielen Bedeutungsebenen, ohne dass er je \u00fcberladen oder konstruiert wirkt. Ein Thema ist die schwierige Situation von Kleinbauern in Zeiten der zunehmenden Industrialisierung und Digitalisierung in der Landwirtschaft. Der Bauer Fritz hat Schwierigkeiten damit, seinen Betrieb an die sich schnell wechselnden Bedingungen des Agrarmarktes anzupassen. Die junge Filmemacherin ist seine Tochter und versucht mit dem Online-Verkauf von Stock-Footage-Videoclips vom Hof eine weitere Verdienstquelle f\u00fcr den kleinen Betrieb aufzubauen. Sie bringt sich also in den Film ein und inszeniert sich selber. Meist nur als Stimme aus dem Off, aber manchmal verl\u00e4sst sie auch, vor laufender Kamera, ihre Position hinter der Kamera, wodurch dann das Filmemachen selber thematisiert wird. Ihr Film zeigt, wie digitale Bilder entstehen, wie die Realit\u00e4t des Lebens auf einem Bauernhof in Videos abgebildet wird, die f\u00fcr potentielle Kunden m\u00f6glichst attraktiv sind.<\/p>\n<p>F\u00fcr realistische Bilder vom Alltag auf dem Hof besteht kaum Nachfrage. Eines von ihnen wird wegen \u201efehlendem \u00e4sthetischem und kommerziellem Anspruch\u201c nicht einmal in die Datenbank aufgenommen. Erfolgreicher sind Videos, die m\u00f6glichst kurios sind wie jenes von einem Tannenbaum im Kuhstall. So wird hier auch davon erz\u00e4hlt, wie immer mehr Lebensr\u00e4ume kommerzialisiert werden, und wie \u00fcber das Recht am eigenen Bild verhandelt wird. Denn der Bauer, sein Sohn und dessen Lebenspartnerin haben Bedenken wegen der \u201eAllgemeinen Gesch\u00e4ftsbedingungen\u201c, nach denen es m\u00f6glich w\u00e4re, dass etwa die AFD mit Bildern von ihrem Hof Werbung machen w\u00fcrde. Die Jury war begeistert davon, wie klar und unaufgeregt Amelie Befeldt von dieser komplexen Situation erz\u00e4hlt. Dies gelingt ihr, indem sie ihre eigene, entscheidende Rolle an dem, was der Film zeigt, deutlich macht, ohne sich dabei in den Mittelpunkt zu stellen. So ist ihr Film schlie\u00dflich auch ein mit gro\u00dfer Z\u00e4rtlichkeit gedrehtes Familienportr\u00e4t. Und da der Film ein Gef\u00fchl f\u00fcr die Absurdit\u00e4ten der Situation hat, ist er auch komisch. Amelie Befeldt ist mit DIE ALLGEMEINEN GESCH\u00c4FTSBEDINGUNGEN ein ungew\u00f6hnlicher, komplexer, unterhaltsamer und gesellschaftskritischer Deb\u00fctfilm gelungen, der einstimmig mit dem Pr\u00e4dikat \u201ebesonders wertvoll\u201c beurteilt wurde.<\/p>\n","protected":false},"excerpt":{"rendered":"<p>Der Kurzfilm &#8220;Die allgemeinen Gesch\u00e4ftsbedingungen&#8221; von Amelie Befeldt wird mit dem Pr\u00e4dikat &#8220;Besonders Wertvoll&#8221; der Filmbewertungsstelle ausgezeichnet Jury-Begr\u00fcndung Pr\u00e4dikat besonders wertvoll Amelie Befeldt erz\u00e4hlt in ihrem Kurzfilm auf vielen Bedeutungsebenen, ohne dass er je \u00fcberladen oder konstruiert wirkt. Ein Thema ist die schwierige Situation von&#8230;<\/p>\n","protected":false},"author":1,"featured_media":0,"comment_status":"open","ping_status":"open","sticky":false,"template":"","format":"standard","meta":[],"categories":[1],"tags":[],"_links":{"self":[{"href":"https:\/\/worklights.de\/en\/wp-json\/wp\/v2\/posts\/21619"}],"collection":[{"href":"https:\/\/worklights.de\/en\/wp-json\/wp\/v2\/posts"}],"about":[{"href":"https:\/\/worklights.de\/en\/wp-json\/wp\/v2\/types\/post"}],"author":[{"embeddable":true,"href":"https:\/\/worklights.de\/en\/wp-json\/wp\/v2\/users\/1"}],"replies":[{"embeddable":true,"href":"https:\/\/worklights.de\/en\/wp-json\/wp\/v2\/comments?post=21619"}],"version-history":[{"count":4,"href":"https:\/\/worklights.de\/en\/wp-json\/wp\/v2\/posts\/21619\/revisions"}],"predecessor-version":[{"id":21623,"href":"https:\/\/worklights.de\/en\/wp-json\/wp\/v2\/posts\/21619\/revisions\/21623"}],"wp:attachment":[{"href":"https:\/\/worklights.de\/en\/wp-json\/wp\/v2\/media?parent=21619"}],"wp:term":[{"taxonomy":"category","embeddable":true,"href":"https:\/\/worklights.de\/en\/wp-json\/wp\/v2\/categories?post=21619"},{"taxonomy":"post_tag","embeddable":true,"href":"https:\/\/worklights.de\/en\/wp-json\/wp\/v2\/tags?post=21619"}],"curies":[{"name":"wp","href":"https:\/\/api.w.org\/{rel}","templated":true}]}}