{"id":21565,"date":"2018-04-28T13:30:06","date_gmt":"2018-04-28T11:30:06","guid":{"rendered":"http:\/\/worklights.de\/?p=21565"},"modified":"2018-04-28T13:30:06","modified_gmt":"2018-04-28T11:30:06","slug":"sandmaedchen-erhaelt-den-drk-medienpreis-und-den-preis-der-oekumenischen-jugendjury-dok-leipzig","status":"publish","type":"post","link":"https:\/\/worklights.de\/en\/sandmaedchen-erhaelt-den-drk-medienpreis-und-den-preis-der-oekumenischen-jugendjury-dok-leipzig\/","title":{"rendered":"Sandm\u00e4dchen erh\u00e4lt den DRK Medienpreis und den Preis der \u00d6kumenischen Jugendjury DOK Leipzig"},"content":{"rendered":"<p>Am 24. April wurde bei den DOK Days det Preis der \u00d6kumenischen Jugendjury von DOK Leipzig\u00a0 nachtr\u00e4glich an Regisseur Mark Michel f\u00fcr unsere Produktion SANM\u00c4DCHEN \u00fcberreicht. Mehr Infos\u00a0 <a href=\"http:\/\/www.cineding-leipzig.de\/index.php\/2-uncategorised\/315-sandmaedchen\">http:\/\/www.cineding-leipzig.de\/index.php\/2-uncategorised\/315-sandmaedchen<\/a><br \/>\nund am 28. Mai der DRK Medienpreis Sektion Fernsehen in Berlin verliehen:<br \/>\n<a href=\"http:\/\/www.drk-medienpreis.de\/preistraeger-seit-2005.html.\">http:\/\/www.drk-medienpreis.de\/preistraeger-seit-2005.html.<\/a><\/p>\n<p>Aktuelle Festivaldaten finden sich auf der Website des Films:<br \/>\n<a href=\"http:\/\/www.sandm\u00e4dchen.de\">http:\/\/www.sandm\u00e4dchen.de<\/a><\/p>\n","protected":false},"excerpt":{"rendered":"<p>Am 24. April wurde bei den DOK Days det Preis der \u00d6kumenischen Jugendjury von DOK Leipzig\u00a0 nachtr\u00e4glich an Regisseur Mark Michel f\u00fcr unsere Produktion SANM\u00c4DCHEN \u00fcberreicht. Mehr Infos\u00a0 http:\/\/www.cineding-leipzig.de\/index.php\/2-uncategorised\/315-sandmaedchen und am 28. Mai der DRK Medienpreis Sektion Fernsehen in Berlin verliehen: http:\/\/www.drk-medienpreis.de\/preistraeger-seit-2005.html. Aktuelle Festivaldaten finden&#8230;<\/p>\n","protected":false},"author":1,"featured_media":0,"comment_status":"open","ping_status":"open","sticky":false,"template":"","format":"standard","meta":[],"categories":[1,131],"tags":[],"_links":{"self":[{"href":"https:\/\/worklights.de\/en\/wp-json\/wp\/v2\/posts\/21565"}],"collection":[{"href":"https:\/\/worklights.de\/en\/wp-json\/wp\/v2\/posts"}],"about":[{"href":"https:\/\/worklights.de\/en\/wp-json\/wp\/v2\/types\/post"}],"author":[{"embeddable":true,"href":"https:\/\/worklights.de\/en\/wp-json\/wp\/v2\/users\/1"}],"replies":[{"embeddable":true,"href":"https:\/\/worklights.de\/en\/wp-json\/wp\/v2\/comments?post=21565"}],"version-history":[{"count":1,"href":"https:\/\/worklights.de\/en\/wp-json\/wp\/v2\/posts\/21565\/revisions"}],"predecessor-version":[{"id":21566,"href":"https:\/\/worklights.de\/en\/wp-json\/wp\/v2\/posts\/21565\/revisions\/21566"}],"wp:attachment":[{"href":"https:\/\/worklights.de\/en\/wp-json\/wp\/v2\/media?parent=21565"}],"wp:term":[{"taxonomy":"category","embeddable":true,"href":"https:\/\/worklights.de\/en\/wp-json\/wp\/v2\/categories?post=21565"},{"taxonomy":"post_tag","embeddable":true,"href":"https:\/\/worklights.de\/en\/wp-json\/wp\/v2\/tags?post=21565"}],"curies":[{"name":"wp","href":"https:\/\/api.w.org\/{rel}","templated":true}]}}